{"id":238,"date":"2025-08-26T21:06:13","date_gmt":"2025-08-26T21:06:13","guid":{"rendered":"https:\/\/zenkaisen.fr\/?p=238"},"modified":"2025-08-26T21:44:09","modified_gmt":"2025-08-26T21:44:09","slug":"dobry-pritel","status":"publish","type":"post","link":"https:\/\/zenkaisen.fr\/cs\/dobry-pritel\/","title":{"rendered":"L'Ami de Bien"},"content":{"rendered":"<p>Trp\u00edme.<br>Nemluv\u00edm zde o utrpen\u00ed ducha zp\u016fsoben\u00e9m zmaten\u00fdmi a iluzorn\u00edmi my\u0161lenkami, ale o bolestech t\u011bla.<br>Bolest nen\u00ed nep\u0159\u00edtel, ale ud\u00e1lost, kter\u00e1 n\u00e1m d\u00e1v\u00e1 p\u0159\u00edle\u017eitost b\u00fdt k n\u00ed laskav\u00ed.<br>Bolest nen\u00ed nikdy p\u0159\u00edjemn\u00e1, ale m\u016f\u017eeme ji je\u0161t\u011b v\u00edce znep\u0159\u00edjemnit t\u00edm, \u017ee s n\u00ed bojujeme, nad\u00e1v\u00e1me na ni a trp\u00edme j\u00ed.<br>V\u0161echno, co se n\u00e1m p\u0159ihod\u00ed, je p\u0159\u00edle\u017eitost\u00ed pozorovat jeho ducha, jeho projevy, jeho tendence, abychom se nakonec mohli povzn\u00e9st nad n\u011bj a \u010delit mu tak, jako bychom se chovali k dobr\u00e9mu p\u0159\u00edteli.<br>P\u0159i pozorov\u00e1n\u00ed sv\u00e9ho \u017eivota jsem si v\u0161iml, \u017ee to byli pr\u00e1v\u011b moji \u00abnejhor\u0161\u00ed nep\u0159\u00e1tel\u00e9\u00bb, kte\u0159\u00ed m\u011b posunuli d\u00e1le na Cest\u011b probuzen\u00fdch.<br>Ud\u011blali to nev\u011bdomky? Na tom nez\u00e1le\u017e\u00ed, svou roli, tedy d\u00e1t p\u0159ednost ostatn\u00edm p\u0159ed sebou, splnili dokonale.<br>Dodnes vzpom\u00edn\u00e1m na na\u0161eho souseda, kter\u00fd postavil bagry a n\u00e1kladn\u00ed auta p\u0159\u00edmo naproti kl\u00e1\u0161teru, p\u0159esn\u011b t\u0159i metry od psac\u00ed m\u00edstnosti, kter\u00e1 d\u0159\u00edve slou\u017eila jako dojo.<br>On, starosta, kter\u00fd ned\u011bl\u00e1 svou pr\u00e1ci, bezohledn\u00ed a hlu\u010dn\u00ed soused\u00e9, v\u0161ichni tito lid\u00e9 n\u00e1s nut\u00ed odej\u00edt a za\u010d\u00edt znovu.<br>To samoz\u0159ejm\u011b znamen\u00e1 prodat nemovitost, hledat jin\u00e9 m\u00edsto, kontaktovat realitn\u00ed kancel\u00e1\u0159e, napl\u00e1novat st\u011bhov\u00e1n\u00ed a vy\u0159e\u0161it v\u0161echny souvisej\u00edc\u00ed z\u00e1le\u017eitosti.<br>Ale i kdy\u017e je operace bolestiv\u00e1, po n\u00ed se \u010dlov\u011bk c\u00edt\u00ed l\u00e9pe, jako by se obnovil, jako by se zprostil star\u00fdch zvyk\u016f, a\u0165 u\u017e jsou jakkoli zenov\u00e9.<br>Tak m\u016f\u017eeme pochopit, \u017ee zlo se st\u00e1v\u00e1 dobrem a dobro se m\u016f\u017ee st\u00e1t zlem.<\/p>\n\n\n\n<p>V\u017edy m\u00e1me mo\u017enost se rozhodnout, jak budeme uva\u017eovat. Tato volba je na n\u00e1s. Nen\u00ed to volba souseda, starosty ani okolnost\u00ed, je to na\u0161e volba.<br>I kdy\u017e se na prvn\u00ed pohled zd\u00e1, \u017ee podl\u00e9h\u00e1me z\u00e1kon\u016fm druh\u00fdch, ve skute\u010dnosti podl\u00e9h\u00e1me sv\u00fdm vlastn\u00edm sklon\u016fm a \u0161patn\u00fdm my\u0161lenkov\u00fdm n\u00e1vyk\u016fm.<br>Dob\u0159\u00ed p\u0159\u00e1tel\u00e9 jsou v\u0161ude kolem n\u00e1s a nes\u010detn\u00e9 Dharmy jsou \u00abdob\u0159\u00ed p\u0159\u00e1tel\u00e9\u00bb.<br>Nejv\u011bt\u0161\u00edm p\u0159\u00edtelem dobra je samoz\u0159ejm\u011b ten, kdo ukazuje absolutn\u00ed cestu, kter\u00e1 osvobozuje od utrpen\u00ed, ale v\u0161echny v\u011bci jsou tu proto, aby uskute\u010dnily nepochopiteln\u00e9, kter\u00e9 se nach\u00e1z\u00ed za hranicemi na\u0161ich p\u0159edstav a tu\u017eeb.<br>V\u017edy se m\u016f\u017eeme br\u00e1nit proti ud\u00e1lostem, ale mus\u00edme si uv\u011bdomit, \u017ee si sv\u00e9 majetky s sebou nevezmeme. Naopak na\u0161e pam\u011b\u0165, kterou jsme zaplnili boji a ne\u0161t\u011bst\u00edmi, bude pokra\u010dovat i po smrti. Pam\u011b\u0165 je nezni\u010diteln\u00e1.<br>Zne\u010di\u0161t\u011bn\u00e9 dharmy budou pokra\u010dovat a d\u0159\u00edve \u010di pozd\u011bji budou muset dokon\u010dit svou transforma\u010dn\u00ed pr\u00e1ci.<br>V\u0161echno vznik\u00e1 ze z\u00e1rodk\u016f minulosti. Je to neust\u00e1l\u00fd cyklus p\u0159evt\u011blov\u00e1n\u00ed.<br>M\u016f\u017eeme uniknout mnoha v\u011bcem, ale ne sv\u00e9 pam\u011bti.<br>To je v\u00fdznam buddhadharmy.<br>Cel\u00fd \u017eivot mus\u00edme p\u0159ekon\u00e1vat p\u0159ek\u00e1\u017eky t\u00edm, \u017ee je osvobozujeme od utrpen\u00ed.<br>Mus\u00edme zde a nyn\u00ed vzty\u010dit prapor v\u00edt\u011bzstv\u00ed t\u00edm, \u017ee se povzneseme nad \u017eivotn\u00ed peripetie, budeme st\u00e1t vzp\u0159\u00edmen\u011b a jako v\u00edt\u011bzov\u00e9.<\/p>","protected":false},"excerpt":{"rendered":"<p>Nous souffrons.Je ne parle pas ici de la souffrance de l\u2019esprit provoqu\u00e9e par les pens\u00e9es confuses et illusoires, mais des douleurs du corps.La douleur n\u2019est pas une ennemie mais un [&hellip;]<\/p>\n","protected":false},"author":1,"featured_media":288,"comment_status":"open","ping_status":"open","sticky":false,"template":"","format":"standard","meta":{"_acf_changed":false,"footnotes":""},"categories":[9],"tags":[],"class_list":["post-238","post","type-post","status-publish","format-standard","has-post-thumbnail","hentry","category-enseignements"],"acf":[],"yoast_head":"<!-- This site is optimized with the Yoast SEO plugin v27.5 - https:\/\/yoast.com\/product\/yoast-seo-wordpress\/ -->\n<title>L\u2019Ami de Bien - Le Zen de Kaisen<\/title>\n<meta name=\"robots\" content=\"index, follow, max-snippet:-1, max-image-preview:large, max-video-preview:-1\" \/>\n<link rel=\"canonical\" href=\"https:\/\/zenkaisen.fr\/cs\/dobry-pritel\/\" \/>\n<meta property=\"og:locale\" content=\"cs_CZ\" \/>\n<meta property=\"og:type\" content=\"article\" \/>\n<meta property=\"og:title\" content=\"L\u2019Ami de Bien - Le Zen de Kaisen\" \/>\n<meta property=\"og:description\" content=\"Nous souffrons.Je ne parle pas ici de la souffrance de l\u2019esprit provoqu\u00e9e par les pens\u00e9es confuses et illusoires, mais des douleurs du corps.La douleur n\u2019est pas une ennemie mais un [&hellip;]\" \/>\n<meta property=\"og:url\" content=\"https:\/\/zenkaisen.fr\/cs\/dobry-pritel\/\" \/>\n<meta property=\"og:site_name\" content=\"Le Zen de Kaisen\" \/>\n<meta property=\"article:published_time\" content=\"2025-08-26T21:06:13+00:00\" \/>\n<meta property=\"article:modified_time\" content=\"2025-08-26T21:44:09+00:00\" \/>\n<meta property=\"og:image\" content=\"https:\/\/zenkaisen.fr\/wp-content\/uploads\/2025\/08\/oboz-zimowy-2015-natura-18-z-153.webp\" \/>\n\t<meta property=\"og:image:width\" content=\"1600\" \/>\n\t<meta property=\"og:image:height\" content=\"1067\" \/>\n\t<meta property=\"og:image:type\" content=\"image\/webp\" \/>\n<meta name=\"author\" content=\"admin\" \/>\n<meta name=\"twitter:card\" content=\"summary_large_image\" \/>\n<meta name=\"twitter:label1\" content=\"Napsal(a)\" \/>\n\t<meta name=\"twitter:data1\" content=\"admin\" \/>\n\t<meta name=\"twitter:label2\" content=\"Odhadovan\u00e1 doba \u010dten\u00ed\" \/>\n\t<meta name=\"twitter:data2\" content=\"3 minuty\" \/>\n<script type=\"application\/ld+json\" class=\"yoast-schema-graph\">{\"@context\":\"https:\\\/\\\/schema.org\",\"@graph\":[{\"@type\":\"Article\",\"@id\":\"https:\\\/\\\/zenkaisen.fr\\\/lami-de-bien\\\/#article\",\"isPartOf\":{\"@id\":\"https:\\\/\\\/zenkaisen.fr\\\/lami-de-bien\\\/\"},\"author\":{\"name\":\"admin\",\"@id\":\"https:\\\/\\\/zenkaisen.fr\\\/ru\\\/#\\\/schema\\\/person\\\/73abb9f42b258573cc0c021695c279df\"},\"headline\":\"L\u2019Ami de Bien\",\"datePublished\":\"2025-08-26T21:06:13+00:00\",\"dateModified\":\"2025-08-26T21:44:09+00:00\",\"mainEntityOfPage\":{\"@id\":\"https:\\\/\\\/zenkaisen.fr\\\/lami-de-bien\\\/\"},\"wordCount\":558,\"commentCount\":0,\"publisher\":{\"@id\":\"https:\\\/\\\/zenkaisen.fr\\\/ru\\\/#organization\"},\"image\":{\"@id\":\"https:\\\/\\\/zenkaisen.fr\\\/lami-de-bien\\\/#primaryimage\"},\"thumbnailUrl\":\"https:\\\/\\\/zenkaisen.fr\\\/wp-content\\\/uploads\\\/2025\\\/08\\\/oboz-zimowy-2015-natura-18-z-153.webp\",\"articleSection\":[\"Enseignements\"],\"inLanguage\":\"cs\",\"potentialAction\":[{\"@type\":\"CommentAction\",\"name\":\"Comment\",\"target\":[\"https:\\\/\\\/zenkaisen.fr\\\/lami-de-bien\\\/#respond\"]}]},{\"@type\":\"WebPage\",\"@id\":\"https:\\\/\\\/zenkaisen.fr\\\/lami-de-bien\\\/\",\"url\":\"https:\\\/\\\/zenkaisen.fr\\\/lami-de-bien\\\/\",\"name\":\"L\u2019Ami de Bien - Le Zen de Kaisen\",\"isPartOf\":{\"@id\":\"https:\\\/\\\/zenkaisen.fr\\\/ru\\\/#website\"},\"primaryImageOfPage\":{\"@id\":\"https:\\\/\\\/zenkaisen.fr\\\/lami-de-bien\\\/#primaryimage\"},\"image\":{\"@id\":\"https:\\\/\\\/zenkaisen.fr\\\/lami-de-bien\\\/#primaryimage\"},\"thumbnailUrl\":\"https:\\\/\\\/zenkaisen.fr\\\/wp-content\\\/uploads\\\/2025\\\/08\\\/oboz-zimowy-2015-natura-18-z-153.webp\",\"datePublished\":\"2025-08-26T21:06:13+00:00\",\"dateModified\":\"2025-08-26T21:44:09+00:00\",\"breadcrumb\":{\"@id\":\"https:\\\/\\\/zenkaisen.fr\\\/lami-de-bien\\\/#breadcrumb\"},\"inLanguage\":\"cs\",\"potentialAction\":[{\"@type\":\"ReadAction\",\"target\":[\"https:\\\/\\\/zenkaisen.fr\\\/lami-de-bien\\\/\"]}]},{\"@type\":\"ImageObject\",\"inLanguage\":\"cs\",\"@id\":\"https:\\\/\\\/zenkaisen.fr\\\/lami-de-bien\\\/#primaryimage\",\"url\":\"https:\\\/\\\/zenkaisen.fr\\\/wp-content\\\/uploads\\\/2025\\\/08\\\/oboz-zimowy-2015-natura-18-z-153.webp\",\"contentUrl\":\"https:\\\/\\\/zenkaisen.fr\\\/wp-content\\\/uploads\\\/2025\\\/08\\\/oboz-zimowy-2015-natura-18-z-153.webp\",\"width\":1600,\"height\":1067},{\"@type\":\"BreadcrumbList\",\"@id\":\"https:\\\/\\\/zenkaisen.fr\\\/lami-de-bien\\\/#breadcrumb\",\"itemListElement\":[{\"@type\":\"ListItem\",\"position\":1,\"name\":\"Strona g\u0142\u00f3wna\",\"item\":\"https:\\\/\\\/zenkaisen.fr\\\/\"},{\"@type\":\"ListItem\",\"position\":2,\"name\":\"L\u2019Ami de Bien\"}]},{\"@type\":\"WebSite\",\"@id\":\"https:\\\/\\\/zenkaisen.fr\\\/ru\\\/#website\",\"url\":\"https:\\\/\\\/zenkaisen.fr\\\/ru\\\/\",\"name\":\"Le Zen de Kaisen\",\"description\":\"Zen\",\"publisher\":{\"@id\":\"https:\\\/\\\/zenkaisen.fr\\\/ru\\\/#organization\"},\"potentialAction\":[{\"@type\":\"SearchAction\",\"target\":{\"@type\":\"EntryPoint\",\"urlTemplate\":\"https:\\\/\\\/zenkaisen.fr\\\/ru\\\/?s={search_term_string}\"},\"query-input\":{\"@type\":\"PropertyValueSpecification\",\"valueRequired\":true,\"valueName\":\"search_term_string\"}}],\"inLanguage\":\"cs\"},{\"@type\":\"Organization\",\"@id\":\"https:\\\/\\\/zenkaisen.fr\\\/ru\\\/#organization\",\"name\":\"Le Zen de Kaisen\",\"url\":\"https:\\\/\\\/zenkaisen.fr\\\/ru\\\/\",\"logo\":{\"@type\":\"ImageObject\",\"inLanguage\":\"cs\",\"@id\":\"https:\\\/\\\/zenkaisen.fr\\\/ru\\\/#\\\/schema\\\/logo\\\/image\\\/\",\"url\":\"https:\\\/\\\/zenkaisen.fr\\\/wp-content\\\/uploads\\\/2025\\\/07\\\/logo.png\",\"contentUrl\":\"https:\\\/\\\/zenkaisen.fr\\\/wp-content\\\/uploads\\\/2025\\\/07\\\/logo.png\",\"width\":300,\"height\":300,\"caption\":\"Le Zen de Kaisen\"},\"image\":{\"@id\":\"https:\\\/\\\/zenkaisen.fr\\\/ru\\\/#\\\/schema\\\/logo\\\/image\\\/\"}},{\"@type\":\"Person\",\"@id\":\"https:\\\/\\\/zenkaisen.fr\\\/ru\\\/#\\\/schema\\\/person\\\/73abb9f42b258573cc0c021695c279df\",\"name\":\"admin\",\"image\":{\"@type\":\"ImageObject\",\"inLanguage\":\"cs\",\"@id\":\"https:\\\/\\\/secure.gravatar.com\\\/avatar\\\/ac2d1bcfda9e2c460076f93eddb0acee4839effc36e7365975685de10b6f20fe?s=96&d=mm&r=g\",\"url\":\"https:\\\/\\\/secure.gravatar.com\\\/avatar\\\/ac2d1bcfda9e2c460076f93eddb0acee4839effc36e7365975685de10b6f20fe?s=96&d=mm&r=g\",\"contentUrl\":\"https:\\\/\\\/secure.gravatar.com\\\/avatar\\\/ac2d1bcfda9e2c460076f93eddb0acee4839effc36e7365975685de10b6f20fe?s=96&d=mm&r=g\",\"caption\":\"admin\"},\"sameAs\":[\"https:\\\/\\\/zenkaisen.fr\"],\"url\":\"https:\\\/\\\/zenkaisen.fr\\\/cs\\\/author\\\/admin\\\/\"}]}<\/script>\n<!-- \/ Yoast SEO plugin. -->","yoast_head_json":{"title":"P\u0159\u00edtel dobra \u2013 Zen Kaisen","robots":{"index":"index","follow":"follow","max-snippet":"max-snippet:-1","max-image-preview":"max-image-preview:large","max-video-preview":"max-video-preview:-1"},"canonical":"https:\/\/zenkaisen.fr\/cs\/dobry-pritel\/","og_locale":"cs_CZ","og_type":"article","og_title":"L\u2019Ami de Bien - Le Zen de Kaisen","og_description":"Nous souffrons.Je ne parle pas ici de la souffrance de l\u2019esprit provoqu\u00e9e par les pens\u00e9es confuses et illusoires, mais des douleurs du corps.La douleur n\u2019est pas une ennemie mais un [&hellip;]","og_url":"https:\/\/zenkaisen.fr\/cs\/dobry-pritel\/","og_site_name":"Le Zen de Kaisen","article_published_time":"2025-08-26T21:06:13+00:00","article_modified_time":"2025-08-26T21:44:09+00:00","og_image":[{"width":1600,"height":1067,"url":"https:\/\/zenkaisen.fr\/wp-content\/uploads\/2025\/08\/oboz-zimowy-2015-natura-18-z-153.webp","type":"image\/webp"}],"author":"admin","twitter_card":"summary_large_image","twitter_misc":{"Napsal(a)":"admin","Odhadovan\u00e1 doba \u010dten\u00ed":"3 minuty"},"schema":{"@context":"https:\/\/schema.org","@graph":[{"@type":"Article","@id":"https:\/\/zenkaisen.fr\/lami-de-bien\/#article","isPartOf":{"@id":"https:\/\/zenkaisen.fr\/lami-de-bien\/"},"author":{"name":"admin","@id":"https:\/\/zenkaisen.fr\/ru\/#\/schema\/person\/73abb9f42b258573cc0c021695c279df"},"headline":"L\u2019Ami de Bien","datePublished":"2025-08-26T21:06:13+00:00","dateModified":"2025-08-26T21:44:09+00:00","mainEntityOfPage":{"@id":"https:\/\/zenkaisen.fr\/lami-de-bien\/"},"wordCount":558,"commentCount":0,"publisher":{"@id":"https:\/\/zenkaisen.fr\/ru\/#organization"},"image":{"@id":"https:\/\/zenkaisen.fr\/lami-de-bien\/#primaryimage"},"thumbnailUrl":"https:\/\/zenkaisen.fr\/wp-content\/uploads\/2025\/08\/oboz-zimowy-2015-natura-18-z-153.webp","articleSection":["Enseignements"],"inLanguage":"cs","potentialAction":[{"@type":"CommentAction","name":"Comment","target":["https:\/\/zenkaisen.fr\/lami-de-bien\/#respond"]}]},{"@type":"WebPage","@id":"https:\/\/zenkaisen.fr\/lami-de-bien\/","url":"https:\/\/zenkaisen.fr\/lami-de-bien\/","name":"P\u0159\u00edtel dobra \u2013 Zen Kaisen","isPartOf":{"@id":"https:\/\/zenkaisen.fr\/ru\/#website"},"primaryImageOfPage":{"@id":"https:\/\/zenkaisen.fr\/lami-de-bien\/#primaryimage"},"image":{"@id":"https:\/\/zenkaisen.fr\/lami-de-bien\/#primaryimage"},"thumbnailUrl":"https:\/\/zenkaisen.fr\/wp-content\/uploads\/2025\/08\/oboz-zimowy-2015-natura-18-z-153.webp","datePublished":"2025-08-26T21:06:13+00:00","dateModified":"2025-08-26T21:44:09+00:00","breadcrumb":{"@id":"https:\/\/zenkaisen.fr\/lami-de-bien\/#breadcrumb"},"inLanguage":"cs","potentialAction":[{"@type":"ReadAction","target":["https:\/\/zenkaisen.fr\/lami-de-bien\/"]}]},{"@type":"ImageObject","inLanguage":"cs","@id":"https:\/\/zenkaisen.fr\/lami-de-bien\/#primaryimage","url":"https:\/\/zenkaisen.fr\/wp-content\/uploads\/2025\/08\/oboz-zimowy-2015-natura-18-z-153.webp","contentUrl":"https:\/\/zenkaisen.fr\/wp-content\/uploads\/2025\/08\/oboz-zimowy-2015-natura-18-z-153.webp","width":1600,"height":1067},{"@type":"BreadcrumbList","@id":"https:\/\/zenkaisen.fr\/lami-de-bien\/#breadcrumb","itemListElement":[{"@type":"ListItem","position":1,"name":"Strona g\u0142\u00f3wna","item":"https:\/\/zenkaisen.fr\/"},{"@type":"ListItem","position":2,"name":"L\u2019Ami de Bien"}]},{"@type":"WebSite","@id":"https:\/\/zenkaisen.fr\/ru\/#website","url":"https:\/\/zenkaisen.fr\/ru\/","name":"Zen Kaisen","description":"Zen","publisher":{"@id":"https:\/\/zenkaisen.fr\/ru\/#organization"},"potentialAction":[{"@type":"SearchAction","target":{"@type":"EntryPoint","urlTemplate":"https:\/\/zenkaisen.fr\/ru\/?s={search_term_string}"},"query-input":{"@type":"PropertyValueSpecification","valueRequired":true,"valueName":"search_term_string"}}],"inLanguage":"cs"},{"@type":"Organization","@id":"https:\/\/zenkaisen.fr\/ru\/#organization","name":"Zen Kaisen","url":"https:\/\/zenkaisen.fr\/ru\/","logo":{"@type":"ImageObject","inLanguage":"cs","@id":"https:\/\/zenkaisen.fr\/ru\/#\/schema\/logo\/image\/","url":"https:\/\/zenkaisen.fr\/wp-content\/uploads\/2025\/07\/logo.png","contentUrl":"https:\/\/zenkaisen.fr\/wp-content\/uploads\/2025\/07\/logo.png","width":300,"height":300,"caption":"Le Zen de Kaisen"},"image":{"@id":"https:\/\/zenkaisen.fr\/ru\/#\/schema\/logo\/image\/"}},{"@type":"Person","@id":"https:\/\/zenkaisen.fr\/ru\/#\/schema\/person\/73abb9f42b258573cc0c021695c279df","name":"admin","image":{"@type":"ImageObject","inLanguage":"cs","@id":"https:\/\/secure.gravatar.com\/avatar\/ac2d1bcfda9e2c460076f93eddb0acee4839effc36e7365975685de10b6f20fe?s=96&d=mm&r=g","url":"https:\/\/secure.gravatar.com\/avatar\/ac2d1bcfda9e2c460076f93eddb0acee4839effc36e7365975685de10b6f20fe?s=96&d=mm&r=g","contentUrl":"https:\/\/secure.gravatar.com\/avatar\/ac2d1bcfda9e2c460076f93eddb0acee4839effc36e7365975685de10b6f20fe?s=96&d=mm&r=g","caption":"admin"},"sameAs":["https:\/\/zenkaisen.fr"],"url":"https:\/\/zenkaisen.fr\/cs\/author\/admin\/"}]}},"_links":{"self":[{"href":"https:\/\/zenkaisen.fr\/cs\/wp-json\/wp\/v2\/posts\/238","targetHints":{"allow":["GET"]}}],"collection":[{"href":"https:\/\/zenkaisen.fr\/cs\/wp-json\/wp\/v2\/posts"}],"about":[{"href":"https:\/\/zenkaisen.fr\/cs\/wp-json\/wp\/v2\/types\/post"}],"author":[{"embeddable":true,"href":"https:\/\/zenkaisen.fr\/cs\/wp-json\/wp\/v2\/users\/1"}],"replies":[{"embeddable":true,"href":"https:\/\/zenkaisen.fr\/cs\/wp-json\/wp\/v2\/comments?post=238"}],"version-history":[{"count":1,"href":"https:\/\/zenkaisen.fr\/cs\/wp-json\/wp\/v2\/posts\/238\/revisions"}],"predecessor-version":[{"id":239,"href":"https:\/\/zenkaisen.fr\/cs\/wp-json\/wp\/v2\/posts\/238\/revisions\/239"}],"wp:featuredmedia":[{"embeddable":true,"href":"https:\/\/zenkaisen.fr\/cs\/wp-json\/wp\/v2\/media\/288"}],"wp:attachment":[{"href":"https:\/\/zenkaisen.fr\/cs\/wp-json\/wp\/v2\/media?parent=238"}],"wp:term":[{"taxonomy":"category","embeddable":true,"href":"https:\/\/zenkaisen.fr\/cs\/wp-json\/wp\/v2\/categories?post=238"},{"taxonomy":"post_tag","embeddable":true,"href":"https:\/\/zenkaisen.fr\/cs\/wp-json\/wp\/v2\/tags?post=238"}],"curies":[{"name":"wp","href":"https:\/\/api.w.org\/{rel}","templated":true}]}}