{"id":242,"date":"2025-08-26T21:08:28","date_gmt":"2025-08-26T21:08:28","guid":{"rendered":"https:\/\/zenkaisen.fr\/?p=242"},"modified":"2025-08-26T21:43:38","modified_gmt":"2025-08-26T21:43:38","slug":"texty-pisni","status":"publish","type":"post","link":"https:\/\/zenkaisen.fr\/cs\/texty-pisni\/","title":{"rendered":"Slova"},"content":{"rendered":"<p><strong>Velk\u00e1 v\u00edra<\/strong><\/p>\n\n\n\n<p>V\u011bt\u0161ina lid\u00ed se ztr\u00e1c\u00ed v neplodn\u00fdch my\u0161lenk\u00e1ch mysli, kdy\u017e si p\u0159edstavuj\u00ed spiritualitu zalo\u017eenou na mor\u00e1lce, discipl\u00edn\u011b a nejr\u016fzn\u011bj\u0161\u00edch \u00fasp\u011b\u0161\u00edch, pevn\u011b p\u0159esv\u011bd\u010deni, \u017ee pr\u00e1v\u011b to znamen\u00e1 \u00abkr\u00e1\u010det po velk\u00e9 stezce patriarch\u016f minulosti\u00bb. Jejich srdce v\u0161ak nen\u00ed dostate\u010dn\u011b \u010dist\u00e9, aby dos\u00e1hlo velk\u00e9 skute\u010dnosti a osvobozen\u00ed od ve\u0161ker\u00e9ho utrpen\u00ed. Proto\u017ee srdce se dosahuje srdcem, a ne cvi\u010den\u00edm nebo ment\u00e1ln\u00edm my\u0161len\u00edm.<br>V\u0161echny tyto nov\u00e9 meditace, kter\u00e9 p\u0159itahuj\u00ed tolik lid\u00ed, jsou jen pom\u00edjiv\u00fdmi praktikami, kter\u00e9 jen p\u0159id\u00e1vaj\u00ed zmatek k ji\u017e tak dob\u0159e zako\u0159en\u011bn\u00fdm iluz\u00edm.<br>Velk\u00e1 cesta nez\u00e1vis\u00ed na ni\u010dem lidsk\u00e9m. Nez\u00e1vis\u00ed na laskavosti, soust\u0159ed\u011bn\u00ed, mor\u00e1lce, z\u00e1sluh\u00e1ch a u\u017e v\u016fbec ne na medita\u010dn\u00ed technice.<br>Nesm\u00edme jen tak sed\u011bt. Mus\u00edme sed\u011bt s v\u00edrou v Ducha. Pokud tato v\u00edra chyb\u00ed, Srdce nelze uchopit.<br>V minulosti velc\u00ed v\u00e1le\u010dn\u00edci um\u00edrali s v\u00edrou. Ve skute\u010dnosti v\u0161ak neum\u00edrali, proto\u017ee Srdce nen\u00ed z tohoto sv\u011bta.<br>Dokud nedos\u00e1hneme Srdce, z\u016fst\u00e1v\u00e1me oby\u010dejn\u00fdmi bytostmi podl\u00e9haj\u00edc\u00edmi n\u00e1hod\u00e1m \u010dist\u011b lidsk\u00fdch my\u0161lenek a p\u0159esv\u011bd\u010den\u00ed. Jsme pak vyd\u00e1ni na milost a nemilost t\u011bm, kte\u0159\u00ed se nau\u010dili spout\u00e1vat ostatn\u00ed, aby je mohli l\u00e9pe ovl\u00e1dat a br\u00e1t jim jejich pen\u00edze. Sv\u011bt je pln\u00fd podvodn\u00edk\u016f s hezk\u00fdmi tv\u00e1\u0159emi a u\u010den\u00fdmi, brilantn\u00edmi a logick\u00fdmi slovy, kte\u0159\u00ed se chovaj\u00ed skromn\u011b, p\u0159\u00edv\u011btiv\u011b a usm\u011bvav\u011b.<br>Rozum, filozofie, techniky pro dosa\u017een\u00ed du\u0161evn\u00ed pohody a dokonal\u00e9 meditace dne\u0161ka zv\u00edt\u011bzily nad t\u011bmi, kte\u0159\u00ed kr\u00e1\u010d\u00ed vedle sv\u00e9ho srdce, ani\u017e by ho kdy poznali.<br>Lid\u00e9 jen \u017eiv\u00ed sv\u00e9 ego, ani\u017e by si to uv\u011bdomovali.<br>Chr\u00e1n\u00edme se, \u0161et\u0159\u00edme s\u00edly, zbab\u011ble skr\u00fdv\u00e1me sv\u00e9 obavy, abychom v o\u010d\u00edch ostatn\u00edch vypadali osvobozeni, moud\u0159\u00ed a klidn\u00ed. Ale nikdo nem\u016f\u017ee uniknout oku srdce.<br>M\u016f\u017eeme si d\u00e1l lh\u00e1t sami sob\u011b i ostatn\u00edm, ale p\u0159ijde \u010das, kdy se tomu budeme muset nevyhnuteln\u011b postavit \u010delem. Na\u0159\u00edk\u00e1n\u00ed, l\u00edtost a slzy n\u00e1m pak budou k ni\u010demu.<br>Pokud je srdce zat\u00ed\u017eeno v\u0161emi lidsk\u00fdmi marnostmi, kter\u00e9 jsme sami vytvo\u0159ili, zem\u011b a nebe z\u016fstanou nav\u017edy odd\u011blen\u00e9.<\/p>\n\n\n\n<p>Proniknout do srdce Cesty nez\u00e1vis\u00ed na n\u00e1s, ale na mimo\u0159\u00e1dn\u00e9 v\u00ed\u0159e, kter\u00e1 n\u00e1s poh\u00e1n\u00ed.<br>A tato v\u00edra z\u00e1vis\u00ed na velk\u00e9m odhodl\u00e1n\u00ed a touze uchopit Srdce.<\/p>\n\n\n\n<p><strong>P\u0159\u00edroda a fale\u0161nost<\/strong><\/p>\n\n\n\n<p>Srdce je samo o sob\u011b \u00fapln\u00e9. Obsahuje v\u0161echny vlastnosti. Ty p\u0159esahuj\u00ed fale\u0161n\u00e9 lidsk\u00e9 vlastnosti, kter\u00e9 vych\u00e1zej\u00ed z imagin\u00e1rn\u00edho charakteru a jsou ovlivn\u011bny jin\u00fdmi imagin\u00e1rn\u00edmi charaktery.<br>Dobro a zlo jsou fale\u0161n\u00e9 pojmy, proto\u017ee to, co je dobr\u00e9 pro jednoho, m\u016f\u017ee b\u00fdt \u0161patn\u00e9 pro druh\u00e9ho.<br>V nedualit\u011b Srdce nemaj\u00ed tyto pojmy \u017e\u00e1dn\u00e9 m\u00edsto.<br>Dobro a zlo existuj\u00ed pouze tehdy, kdy\u017e nen\u00ed p\u0159\u00edtomno Srdce.<br>Kr\u00e1sa, o\u0161klivost, spravedlnost a nespravedlnost jsou diskrimina\u010dn\u00ed pojmy a jsou zdrojem utrpen\u00ed.<br>Proniknout do Srdce nen\u00ed jist\u011b bezbolestn\u00e9, ale pokud to neud\u011bl\u00e1me, zem\u0159eme nav\u017edy. Je to jako u nal\u00e9hav\u00e9 \u017eivotn\u011b d\u016fle\u017eit\u00e9 operace: pokud ji odm\u00edtneme ze strachu, zem\u0159eme.<br>Lid\u00e9 se domn\u00edvaj\u00ed, \u017ee jsou v\u011b\u010dn\u00ed, ale v\u011b\u010dn\u00e9 je pouze Srdce. V\u0161e, co nen\u00ed Srdcem, a\u0165 u\u017e je to jakkoli mimo\u0159\u00e1dn\u00e9, je pom\u00edjiv\u00e9, a tud\u00ed\u017e \u017ealostn\u00e9.<br>Nejvy\u0161\u0161\u00ed P\u00e1n, neboli Srdce, je nad lidsk\u00fdmi aspekty. A i kdy\u017e zahrnuje v\u0161echny lidsk\u00e9 aspekty, nen\u00ed t\u00edm.<br>Lid\u00e9 si mysl\u00ed, \u017ee existuj\u00ed sami o sob\u011b, a ignoruj\u00ed \u00abNejvy\u0161\u0161\u00edho\u00bb. Obracej\u00ed se na n\u011bj, kdy\u017e se najednou v\u0161echno pokaz\u00ed nebo kdy\u017e o n\u011bco p\u0159ijdou. Nen\u00ed nic fale\u0161n\u011bj\u0161\u00edho a l\u017eiv\u011bj\u0161\u00edho ne\u017e tento p\u0159\u00edstup.<br>Sv\u011bt je pln\u00fd arogance a marnivosti.<br>Lid\u00e9 b\u011b\u017e\u00ed vst\u0159\u00edc temnot\u011b v p\u0159esv\u011bd\u010den\u00ed, \u017ee sm\u011b\u0159uj\u00ed ke sv\u011btlu. Jejich mal\u00fd mozek nahradil Nejvy\u0161\u0161\u00edho nebo Boha a mysl\u00ed si, \u017ee sm\u011b\u0159uje spr\u00e1vn\u00fdm sm\u011brem.<br>Ve skute\u010dnosti nen\u00ed t\u0159eba n\u00e1sledovat \u017e\u00e1dn\u00fd sm\u011br. Sm\u011brem je samotn\u00e9 Srdce. Pouze Srdce v Srdci a skrze Srdce.<br>Za v\u00edce ne\u017e 50 let opustilo v\u00edce ne\u017e 1 200 u\u010dedn\u00edk\u016f sv\u00e9 medita\u010dn\u00ed pol\u0161t\u00e1\u0159e, aby se vydali za tvary a barvami, my\u0161lenkami, sny a jistotami. Nebe nikdy nebude m\u00edt dost slz, aby je v\u0161echny oplakalo.<br>Na t\u00e9to zemi je jen m\u00e1lo dosp\u011bl\u00fdch a proz\u00edrav\u00fdch bytost\u00ed. V\u0161ichni jsou d\u011btmi formovan\u00fdmi zkorumpovanou a slepou spole\u010dnost\u00ed. Individualistickou spole\u010dnost\u00ed bez skute\u010dn\u00e9ho vzd\u011bl\u00e1n\u00ed a bez jak\u00e9hokoli respektu k druh\u00fdm. Spole\u010dnost\u00ed, kter\u00e1 odm\u00edt\u00e1 to, co je v\u011bt\u0161\u00ed ne\u017e ona sama, a kter\u00e1 chce vl\u00e1dnout nev\u011bdom\u00fdm prost\u0159ednictv\u00edm nev\u011bdomosti.<\/p>\n\n\n\n<p>Kdo se odv\u00e1\u017e\u00ed, jako orel kr\u00e1lovsk\u00fd, postavit se nad propast\u00ed, aby se vymanil ze sn\u016f a iluz\u00ed tohoto pom\u00edjiv\u00e9ho sv\u011bta?<\/p>\n\n\n\n<p><strong>Zni\u010den\u00fd srdce<\/strong><\/p>\n\n\n\n<p>V\u011bzte, \u017ee v\u00e1\u0161 zadek neslou\u017e\u00ed jen k vyprazd\u0148ov\u00e1n\u00ed nebo k sezen\u00ed na kapokov\u00e9m pol\u0161t\u00e1\u0159i.<br>Zadn\u00ed \u010d\u00e1st\u00ed t\u011bla se rod\u00ed v\u00edra a projevuje se probuzen\u00ed.<br>Aby se toti\u017e mohl projevit, je t\u0159eba b\u00fdt hluboce zako\u0159en\u011bn v \u00fatrob\u00e1ch zem\u011b a v\u00fd\u0161in\u00e1ch propast\u00ed.<br>Sed\u011bt znamen\u00e1 zako\u0159enit se a p\u0159in\u00e1\u0161et ovoce, ani\u017e by se vytv\u00e1\u0159ely v\u011btve nebo listy.<br>Odvr\u00e1tili jste se od p\u0159\u00edrody, od ducha strom\u016f, pt\u00e1k\u016f a zv\u00ed\u0159at. Odvr\u00e1tili jste se od ducha v\u011btru, vody, ohn\u011b a vzduchu. Ztvrdili jste sv\u00e1 srdce p\u0159\u00edli\u0161 mnoha slovy a my\u0161lenkami.<br>Nyn\u00ed je va\u0161e vlastn\u00ed p\u0159irozenost zka\u017een\u00e1.<br>St\u00e1le sed\u00edte mezi betonov\u00fdmi zdmi a vytv\u00e1\u0159\u00edte cel\u00fd um\u011bl\u00fd sv\u011bt pln\u00fd spirituality a fale\u0161n\u00e9ho probuzen\u00ed.<br>Kdysi stromy mluvily k lidem a lid\u00e9 vid\u011bli Boha ve v\u0161em.<br>Nyn\u00ed si Boha pouze p\u0159edstavujete, ani\u017e byste kdy poc\u00edtili Jeho p\u0159\u00edtomnost.<br>I kdy\u017e jste v p\u0159\u00edtomnosti star\u0161\u00edho (Mistra), nevyu\u017e\u00edv\u00e1te plody jeho Srdce k dosa\u017een\u00ed sv\u00e9ho vlastn\u00edho.<br>Velk\u00e9 tajemstv\u00ed je na dosah ruky a vy otev\u00edr\u00e1te okno.<br>Voda te\u010de a vy vid\u00edte jen vodu.<br>Duch p\u0159\u00edrody n\u00e1s odjak\u017eiva u\u010d\u00ed tomu, co nev\u00edme, ale my p\u0159\u00edrodu vyu\u017e\u00edv\u00e1me pouze k uspokojov\u00e1n\u00ed sv\u00fdch neust\u00e1l\u00fdch tu\u017eeb.<br>Tak pro\u010d mluvit o velk\u00e9m Tajemstv\u00ed t\u011bm, kte\u0159\u00ed vid\u00ed sv\u011bt pouze skrze h\u0159bitov sv\u00fdch minul\u00fdch znalost\u00ed?<\/p>\n\n\n\n<p>Lid\u00e9 hromad\u00ed hmotn\u00e9 a duchovn\u00ed bohatstv\u00ed, zat\u00edmco jejich srdce je v trosk\u00e1ch.<br>K\u00e9\u017e by jednoho dne...<\/p>\n\n\n\n<p><strong>Pohled na budoucnost, kter\u00e1 je ji\u017e p\u0159\u00edtomnost\u00ed.<\/strong><\/p>\n\n\n\n<p>Dne\u0161n\u00ed mu\u017ei jsou vla\u017en\u00ed. Nedotahuj\u00ed v\u011bci do konce. D\u011blaj\u00ed v\u0161echno ve sp\u011bchu a hledaj\u00ed okam\u017eit\u00e9 v\u00fdsledky.<br>Berou si jen pro sebe. I kdy\u017e je to pro v\u00fd\u017eivu sv\u00fdch d\u011bt\u00ed, je to v\u017edy pro n\u011b sam\u00e9.<br>Jsou hrd\u00ed na sv\u00e9 dobr\u00e9 skutky a na to, \u010d\u00edm tvrd\u00ed, \u017ee jsou nebo nejsou.<br>Kdy\u017e vstoup\u00edme na Cestu, vstupujeme na ni spolu se v\u0161emi bytostmi. Cvi\u010d\u00edme a sed\u00edme spolu se v\u0161emi bytostmi. Cestu neomezujeme pouze na sebe.<br>Proto mus\u00edte vynalo\u017eit maxim\u00e1ln\u00ed \u00fasil\u00ed, abyste cvi\u010dili s ostatn\u00edmi pro budouc\u00ed generace a nep\u0159ed\u00e1vali jim svou pr\u016fm\u011brnost.<br>Jeden star\u00fd mu\u017e kdysi \u0159ekl: Budouc\u00ed generace se na v\u00e1s d\u00edvaj\u00ed!<br>Pro\u010d z\u016fst\u00e1v\u00e1te hluch\u00ed k vol\u00e1n\u00ed ostatn\u00edch?<br>Pro\u010d z\u016fst\u00e1v\u00e1te izolovan\u00ed ve sv\u00e9 ment\u00e1ln\u00ed a neuspokojiv\u00e9 cele?<br>Lid\u00e9 \u017eij\u00ed neust\u00e1le ve strachu a ti, kte\u0159\u00ed tvrd\u00ed, \u017ee se neboj\u00ed, jsou je\u0161t\u011b zbab\u011blej\u0161\u00ed ne\u017e ostatn\u00ed.<br>Lid\u00e9 cht\u011bj\u00ed, aby vesm\u00edr byl podobn\u00fd jim samotn\u00fdm.<br>Sna\u017e\u00ed se zni\u010dit v\u0161e, co \u017eije, nahradit \u017eivot smrt\u00ed, skute\u010dnost iluz\u00ed a tajemstv\u00ed v\u011bdomostmi.<br>Ni\u010d\u00ed v\u0161e, \u010deho se dotknou, a\u0165 u\u017e my\u0161lenkami, slovy nebo t\u011blem.<br>Ni\u010d\u00ed slovo zbab\u011blost\u00ed, my\u0161len\u00ed nadm\u011brnou p\u00fdchou, t\u011blo nadm\u011brnou nep\u0159\u00edtomnost\u00ed.<br>Ni\u010d\u00ed v\u0161echna t\u0159i t\u011bla t\u00edm, \u017ee p\u0159edst\u00edraj\u00ed, \u017ee \u017eij\u00ed \u00abnorm\u00e1ln\u011b\u00bb a \u017ee v\u011bd\u00ed, co d\u011blaj\u00ed.<br>Jak\u00e1 \u0161koda, \u017ee lidstvo se ut\u00e1p\u00ed v nev\u011bdomosti!<\/p>\n\n\n\n<p>N\u011bkte\u0159\u00ed tvrd\u00ed, \u017ee jsou schopni n\u00e1sledovat zenov\u00e9ho mistra. Jak\u00fd nesmysl, kdy\u017e srdce a o\u010di jsou slep\u00e9! Proto\u017ee nevid\u00edte! Vid\u00edte jen to, co chcete vid\u011bt. Interpretujete m\u00edsto toho, abyste pronikli do jeho srdce.<\/p>\n\n\n\n<p><strong>\u017debr\u00e1ci na cest\u011b<\/strong><\/p>\n\n\n\n<p>V\u011bt\u0161ina \u017e\u00e1k\u016f chod\u00ed do sv\u00e9ho dojo nebo se \u00fa\u010dastn\u00ed retreat\u016f stejn\u011b jako z\u00e1kazn\u00edk chod\u00ed do obchodu s potravinami. Vezmou si, co pot\u0159ebuj\u00ed, a odejdou. A pokud nejsou spokojeni, jdou hledat jinde nebo p\u0159estanou chodit.<br>Nen\u00ed to pr\u00e1v\u011b to, co d\u011bl\u00e1 ego? Ego se nechce pod\u0159\u00eddit tomu, co ho stvo\u0159ilo. Chce sv\u00e9ho stvo\u0159itele vyu\u017e\u00edt pro sv\u00e9 mal\u00e9 osobn\u00ed touhy.<br>Ego lid\u00ed a sv\u011bta je p\u0159ehnan\u00e9. Je to pr\u00e1v\u011b toto ego, kter\u00e9 vyhladilo p\u016fvodn\u00ed obyvatele Ameriky, \u017eidovsk\u00fd n\u00e1rod, Tibe\u0165any... a zp\u016fsobilo nes\u010detn\u00e9 v\u00e1lky a utrpen\u00ed.<br>Nemyslete si, \u017ee jste jin\u00ed ne\u017e tito auto\u0159i.<br>Va\u0161e ego je neust\u00e1le ve v\u00e1lce s v\u00e1mi sam\u00fdmi i s ostatn\u00edmi, i kdy\u017e si to neuv\u011bdomujete.<br>Mysl\u00edte si, \u017ee jste \u010dist\u00ed, nevinn\u00ed, mil\u00ed, velkorys\u00ed a vzd\u011blan\u00ed. Ale ve skute\u010dnosti je va\u0161e srdce zaplaveno l\u017eemi fale\u0161n\u00e9 spirituality a sm\u011b\u0161n\u00fdmi jistotami.<br>\u010clov\u011bk, kter\u00fd nen\u00ed probuzen\u00fd ve sv\u00e9m srdci, nen\u00ed spolehliv\u00fd. Nezaslou\u017e\u00ed si d\u016fv\u011bru ani respekt. Je to jen hloup\u00e1 loutka, kter\u00e1 m\u00e1v\u00e1 rukama a nohama, jen aby zvedala prach.<br>Ve skute\u010dnosti v\u017edy skl\u00edz\u00edme to, co zasijeme. Vy sami jste zodpov\u011bdn\u00ed za to, k\u00fdm jste.<br>Nem\u00e1m \u017e\u00e1dn\u00fd d\u016fvod, abych se sna\u017eil uspokojit va\u0161e hlouposti nebo v\u00e1s uklid\u0148ovat.<br>Moje role je nechat sv\u00e9 srdce vyj\u00e1d\u0159it se tak, jak je. Je mi jedno, co si mysl\u00edte. Budou to jen uboh\u00e9 my\u0161lenky bez ko\u0159en\u016f.<br>Moje slova jsou up\u0159\u00edmn\u00e1 a neobsahuj\u00ed hn\u011bv ani v\u00fd\u010ditky.<br>Je to jen m\u00e9 srdce, kter\u00e9 se obrac\u00ed k va\u0161emu srdci, poh\u0159ben\u00e9mu pod tunami trosek a sutin, trosek va\u0161\u00ed nev\u011bdomosti.<\/p>\n\n\n\n<p>\u010clov\u011bk je prost\u011b \u017eebr\u00e1k, kter\u00fd si to neuv\u011bdomuje a d\u00edv\u00e1 se na sv\u011bt ze sv\u00e9ho \u017eebr\u00e1ck\u00e9ho \u00fahlu pohledu.<\/p>\n\n\n\n<p><strong>D\u00edra nav\u017edy<\/strong><\/p>\n\n\n\n<p>Vlasy symbolizuj\u00ed to, co se objevilo a co zmiz\u00ed.<br>Oholen\u00e1 hlava symbolizuje nenarozen\u00ed.<br>Nenarozen\u00ed, to je to, \u010deho mus\u00edme dos\u00e1hnout.<br>Ale jsou i ple\u0161at\u00ed, kte\u0159\u00ed nejen\u017ee nedos\u00e1hli sv\u00e9ho Srdce, ale mluv\u00ed o nenarozen\u00ed a p\u0159itom plod\u00ed nejr\u016fzn\u011bj\u0161\u00ed hlouposti a neov\u011b\u0159en\u00e9 my\u0161lenky, nebo jen napodobuj\u00ed Mistry z minulosti.<br>V tomto okam\u017eiku jsou jejich slova spr\u00e1vn\u00e1, ale jejich srdce jsou pr\u00e1zdn\u00e1 a podobn\u00e1 vyprahl\u00e9 pou\u0161ti.<br>Pokud jde o m\u011b, nesleduji Cestu p\u0159edk\u016f, proto\u017ee d\u00e1v\u00e1m p\u0159ednost tomu, abych se s ka\u017ed\u00fdm krokem obnovoval.<br>Zem\u011b m\u011b nenos\u00ed, to j\u00e1 ji nos\u00edm na \u0161pi\u010dce sv\u00e9ho srdce.<br>Nebe nen\u00ed naho\u0159e a zem\u011b dole.<br>V noci m\u011b vede duchem zlat\u00e1 sv\u011btlu\u0161ka, nebo\u0165 jsem slep\u00fd od narozen\u00ed.<br>Zlat\u00e1 sv\u011btlu\u0161ka je v\u0161ude a v\u0161echny bytosti jsou obda\u0159eny z\u00e1\u0159\u00edc\u00edm srdcem.<br>Jak\u00fd m\u00e1 smysl nutit se praktikovat neprovediteln\u00e9 a neuchopiteln\u00e9, kdy\u017e m\u00e1 \u010dlov\u011bk zaseknutou mysl?<br>Nedostatek nevinnosti a m\u00edra naivity, kterou jsou lid\u00e9 obda\u0159eni, je nut\u00ed krou\u017eit v pekeln\u00e9m a opakuj\u00edc\u00edm se kruhu sams\u00e1ry.<br>D\u00edv\u00e1te se na p\u0159\u00edrodu, ale nevid\u00edte, jak se p\u0159\u00edroda d\u00edv\u00e1 na v\u00e1s.<br>V\u0161emu d\u00e1v\u00e1te jm\u00e9na a nevid\u00edte celek.<br>Mluv\u00edme o v\u0161em, ale nic v\u00e1s nezaj\u00edm\u00e1.<br>Ochutn\u00e1te v\u0161echno, ale srdce z\u016fst\u00e1v\u00e1 stranou.<br>Proch\u00e1z\u00edte sv\u00fdmi neplodn\u00fdmi dny, ani\u017e byste si uv\u011bdomovali, \u017ee kr\u00e1\u010d\u00edte.<br>P\u0159ikl\u00e1d\u00e1te takovou d\u016fle\u017eitost tomu, co d\u011bl\u00e1te, \u0159\u00edk\u00e1te a mysl\u00edte, \u017ee si ani neuv\u011bdomujete sv\u016fj vlastn\u00ed dech.<br>Udr\u017eujete sv\u00e9 t\u011blo v kondici sportem a dietami, pl\u00fdtv\u00e1te energi\u00ed a pen\u011bzi na marnosti, abyste nakonec skon\u010dili v d\u00ed\u0159e nav\u017edy.<br>Nebo\u0165 smrt nutn\u011b existuje pro ty, kte\u0159\u00ed nejsou v\u011b\u010dn\u00ed.<br>Lp\u00edme na t\u011ble a mysli, jako bychom byli v\u011b\u010dn\u00ed, a z\u00e1rove\u0148 se boj\u00edme smrti, jako bychom v\u011b\u010dn\u00ed nebyli.<br>Jak hloup\u00fd zp\u016fsob my\u0161len\u00ed a \u017eivota!<\/p>\n\n\n\n<p>\u010clov\u011bk nen\u00ed zdaleka mysl\u00edc\u00ed r\u00e1kos, proto\u017ee on, r\u00e1kos, mysl\u00ed na cel\u00fd vesm\u00edr. Vezm\u011bte si z toho ponau\u010den\u00ed, abyste se mohli znovu zrodit.<\/p>","protected":false},"excerpt":{"rendered":"<p>La grande foi La plupart des \u00eatres humains s\u2019\u00e9garent dans les pens\u00e9es st\u00e9riles du mental en imaginant une spiritualit\u00e9 bas\u00e9e sur la morale, la discipline et les r\u00e9alisations de toutes [&hellip;]<\/p>\n","protected":false},"author":1,"featured_media":291,"comment_status":"open","ping_status":"open","sticky":false,"template":"","format":"standard","meta":{"_acf_changed":false,"footnotes":""},"categories":[9],"tags":[],"class_list":["post-242","post","type-post","status-publish","format-standard","has-post-thumbnail","hentry","category-enseignements"],"acf":[],"yoast_head":"<!-- This site is optimized with the Yoast SEO plugin v27.5 - https:\/\/yoast.com\/product\/yoast-seo-wordpress\/ -->\n<title>Paroles - Le Zen de Kaisen<\/title>\n<meta name=\"robots\" content=\"index, follow, max-snippet:-1, max-image-preview:large, max-video-preview:-1\" \/>\n<link rel=\"canonical\" href=\"https:\/\/zenkaisen.fr\/cs\/texty-pisni\/\" \/>\n<meta property=\"og:locale\" content=\"cs_CZ\" \/>\n<meta property=\"og:type\" content=\"article\" \/>\n<meta property=\"og:title\" content=\"Paroles - Le Zen de Kaisen\" \/>\n<meta property=\"og:description\" content=\"La grande foi La plupart des \u00eatres humains s\u2019\u00e9garent dans les pens\u00e9es st\u00e9riles du mental en imaginant une spiritualit\u00e9 bas\u00e9e sur la morale, la discipline et les r\u00e9alisations de toutes [&hellip;]\" \/>\n<meta property=\"og:url\" content=\"https:\/\/zenkaisen.fr\/cs\/texty-pisni\/\" \/>\n<meta property=\"og:site_name\" content=\"Le Zen de Kaisen\" \/>\n<meta property=\"article:published_time\" content=\"2025-08-26T21:08:28+00:00\" \/>\n<meta property=\"article:modified_time\" content=\"2025-08-26T21:43:38+00:00\" \/>\n<meta property=\"og:image\" content=\"https:\/\/zenkaisen.fr\/wp-content\/uploads\/2025\/08\/oboz-zimowy-2015-natura-84-z-153.webp\" \/>\n\t<meta property=\"og:image:width\" content=\"1600\" \/>\n\t<meta property=\"og:image:height\" content=\"1067\" \/>\n\t<meta property=\"og:image:type\" content=\"image\/webp\" \/>\n<meta name=\"author\" content=\"admin\" \/>\n<meta name=\"twitter:card\" content=\"summary_large_image\" \/>\n<meta name=\"twitter:label1\" content=\"Napsal(a)\" \/>\n\t<meta name=\"twitter:data1\" content=\"admin\" \/>\n\t<meta name=\"twitter:label2\" content=\"Odhadovan\u00e1 doba \u010dten\u00ed\" \/>\n\t<meta name=\"twitter:data2\" content=\"12 minut\" \/>\n<script type=\"application\/ld+json\" class=\"yoast-schema-graph\">{\"@context\":\"https:\\\/\\\/schema.org\",\"@graph\":[{\"@type\":\"Article\",\"@id\":\"https:\\\/\\\/zenkaisen.fr\\\/paroles\\\/#article\",\"isPartOf\":{\"@id\":\"https:\\\/\\\/zenkaisen.fr\\\/paroles\\\/\"},\"author\":{\"name\":\"admin\",\"@id\":\"https:\\\/\\\/zenkaisen.fr\\\/ru\\\/#\\\/schema\\\/person\\\/73abb9f42b258573cc0c021695c279df\"},\"headline\":\"Paroles\",\"datePublished\":\"2025-08-26T21:08:28+00:00\",\"dateModified\":\"2025-08-26T21:43:38+00:00\",\"mainEntityOfPage\":{\"@id\":\"https:\\\/\\\/zenkaisen.fr\\\/paroles\\\/\"},\"wordCount\":2382,\"commentCount\":0,\"publisher\":{\"@id\":\"https:\\\/\\\/zenkaisen.fr\\\/ru\\\/#organization\"},\"image\":{\"@id\":\"https:\\\/\\\/zenkaisen.fr\\\/paroles\\\/#primaryimage\"},\"thumbnailUrl\":\"https:\\\/\\\/zenkaisen.fr\\\/wp-content\\\/uploads\\\/2025\\\/08\\\/oboz-zimowy-2015-natura-84-z-153.webp\",\"articleSection\":[\"Enseignements\"],\"inLanguage\":\"cs\",\"potentialAction\":[{\"@type\":\"CommentAction\",\"name\":\"Comment\",\"target\":[\"https:\\\/\\\/zenkaisen.fr\\\/paroles\\\/#respond\"]}]},{\"@type\":\"WebPage\",\"@id\":\"https:\\\/\\\/zenkaisen.fr\\\/paroles\\\/\",\"url\":\"https:\\\/\\\/zenkaisen.fr\\\/paroles\\\/\",\"name\":\"Paroles - Le Zen de Kaisen\",\"isPartOf\":{\"@id\":\"https:\\\/\\\/zenkaisen.fr\\\/ru\\\/#website\"},\"primaryImageOfPage\":{\"@id\":\"https:\\\/\\\/zenkaisen.fr\\\/paroles\\\/#primaryimage\"},\"image\":{\"@id\":\"https:\\\/\\\/zenkaisen.fr\\\/paroles\\\/#primaryimage\"},\"thumbnailUrl\":\"https:\\\/\\\/zenkaisen.fr\\\/wp-content\\\/uploads\\\/2025\\\/08\\\/oboz-zimowy-2015-natura-84-z-153.webp\",\"datePublished\":\"2025-08-26T21:08:28+00:00\",\"dateModified\":\"2025-08-26T21:43:38+00:00\",\"breadcrumb\":{\"@id\":\"https:\\\/\\\/zenkaisen.fr\\\/paroles\\\/#breadcrumb\"},\"inLanguage\":\"cs\",\"potentialAction\":[{\"@type\":\"ReadAction\",\"target\":[\"https:\\\/\\\/zenkaisen.fr\\\/paroles\\\/\"]}]},{\"@type\":\"ImageObject\",\"inLanguage\":\"cs\",\"@id\":\"https:\\\/\\\/zenkaisen.fr\\\/paroles\\\/#primaryimage\",\"url\":\"https:\\\/\\\/zenkaisen.fr\\\/wp-content\\\/uploads\\\/2025\\\/08\\\/oboz-zimowy-2015-natura-84-z-153.webp\",\"contentUrl\":\"https:\\\/\\\/zenkaisen.fr\\\/wp-content\\\/uploads\\\/2025\\\/08\\\/oboz-zimowy-2015-natura-84-z-153.webp\",\"width\":1600,\"height\":1067},{\"@type\":\"BreadcrumbList\",\"@id\":\"https:\\\/\\\/zenkaisen.fr\\\/paroles\\\/#breadcrumb\",\"itemListElement\":[{\"@type\":\"ListItem\",\"position\":1,\"name\":\"Strona g\u0142\u00f3wna\",\"item\":\"https:\\\/\\\/zenkaisen.fr\\\/\"},{\"@type\":\"ListItem\",\"position\":2,\"name\":\"Paroles\"}]},{\"@type\":\"WebSite\",\"@id\":\"https:\\\/\\\/zenkaisen.fr\\\/ru\\\/#website\",\"url\":\"https:\\\/\\\/zenkaisen.fr\\\/ru\\\/\",\"name\":\"Le Zen de Kaisen\",\"description\":\"Zen\",\"publisher\":{\"@id\":\"https:\\\/\\\/zenkaisen.fr\\\/ru\\\/#organization\"},\"potentialAction\":[{\"@type\":\"SearchAction\",\"target\":{\"@type\":\"EntryPoint\",\"urlTemplate\":\"https:\\\/\\\/zenkaisen.fr\\\/ru\\\/?s={search_term_string}\"},\"query-input\":{\"@type\":\"PropertyValueSpecification\",\"valueRequired\":true,\"valueName\":\"search_term_string\"}}],\"inLanguage\":\"cs\"},{\"@type\":\"Organization\",\"@id\":\"https:\\\/\\\/zenkaisen.fr\\\/ru\\\/#organization\",\"name\":\"Le Zen de Kaisen\",\"url\":\"https:\\\/\\\/zenkaisen.fr\\\/ru\\\/\",\"logo\":{\"@type\":\"ImageObject\",\"inLanguage\":\"cs\",\"@id\":\"https:\\\/\\\/zenkaisen.fr\\\/ru\\\/#\\\/schema\\\/logo\\\/image\\\/\",\"url\":\"https:\\\/\\\/zenkaisen.fr\\\/wp-content\\\/uploads\\\/2025\\\/07\\\/logo.png\",\"contentUrl\":\"https:\\\/\\\/zenkaisen.fr\\\/wp-content\\\/uploads\\\/2025\\\/07\\\/logo.png\",\"width\":300,\"height\":300,\"caption\":\"Le Zen de Kaisen\"},\"image\":{\"@id\":\"https:\\\/\\\/zenkaisen.fr\\\/ru\\\/#\\\/schema\\\/logo\\\/image\\\/\"}},{\"@type\":\"Person\",\"@id\":\"https:\\\/\\\/zenkaisen.fr\\\/ru\\\/#\\\/schema\\\/person\\\/73abb9f42b258573cc0c021695c279df\",\"name\":\"admin\",\"image\":{\"@type\":\"ImageObject\",\"inLanguage\":\"cs\",\"@id\":\"https:\\\/\\\/secure.gravatar.com\\\/avatar\\\/ac2d1bcfda9e2c460076f93eddb0acee4839effc36e7365975685de10b6f20fe?s=96&d=mm&r=g\",\"url\":\"https:\\\/\\\/secure.gravatar.com\\\/avatar\\\/ac2d1bcfda9e2c460076f93eddb0acee4839effc36e7365975685de10b6f20fe?s=96&d=mm&r=g\",\"contentUrl\":\"https:\\\/\\\/secure.gravatar.com\\\/avatar\\\/ac2d1bcfda9e2c460076f93eddb0acee4839effc36e7365975685de10b6f20fe?s=96&d=mm&r=g\",\"caption\":\"admin\"},\"sameAs\":[\"https:\\\/\\\/zenkaisen.fr\"],\"url\":\"https:\\\/\\\/zenkaisen.fr\\\/cs\\\/author\\\/admin\\\/\"}]}<\/script>\n<!-- \/ Yoast SEO plugin. -->","yoast_head_json":{"title":"Texty - Zen Kaisen","robots":{"index":"index","follow":"follow","max-snippet":"max-snippet:-1","max-image-preview":"max-image-preview:large","max-video-preview":"max-video-preview:-1"},"canonical":"https:\/\/zenkaisen.fr\/cs\/texty-pisni\/","og_locale":"cs_CZ","og_type":"article","og_title":"Paroles - Le Zen de Kaisen","og_description":"La grande foi La plupart des \u00eatres humains s\u2019\u00e9garent dans les pens\u00e9es st\u00e9riles du mental en imaginant une spiritualit\u00e9 bas\u00e9e sur la morale, la discipline et les r\u00e9alisations de toutes [&hellip;]","og_url":"https:\/\/zenkaisen.fr\/cs\/texty-pisni\/","og_site_name":"Le Zen de Kaisen","article_published_time":"2025-08-26T21:08:28+00:00","article_modified_time":"2025-08-26T21:43:38+00:00","og_image":[{"width":1600,"height":1067,"url":"https:\/\/zenkaisen.fr\/wp-content\/uploads\/2025\/08\/oboz-zimowy-2015-natura-84-z-153.webp","type":"image\/webp"}],"author":"admin","twitter_card":"summary_large_image","twitter_misc":{"Napsal(a)":"admin","Odhadovan\u00e1 doba \u010dten\u00ed":"12 minut"},"schema":{"@context":"https:\/\/schema.org","@graph":[{"@type":"Article","@id":"https:\/\/zenkaisen.fr\/paroles\/#article","isPartOf":{"@id":"https:\/\/zenkaisen.fr\/paroles\/"},"author":{"name":"admin","@id":"https:\/\/zenkaisen.fr\/ru\/#\/schema\/person\/73abb9f42b258573cc0c021695c279df"},"headline":"Paroles","datePublished":"2025-08-26T21:08:28+00:00","dateModified":"2025-08-26T21:43:38+00:00","mainEntityOfPage":{"@id":"https:\/\/zenkaisen.fr\/paroles\/"},"wordCount":2382,"commentCount":0,"publisher":{"@id":"https:\/\/zenkaisen.fr\/ru\/#organization"},"image":{"@id":"https:\/\/zenkaisen.fr\/paroles\/#primaryimage"},"thumbnailUrl":"https:\/\/zenkaisen.fr\/wp-content\/uploads\/2025\/08\/oboz-zimowy-2015-natura-84-z-153.webp","articleSection":["Enseignements"],"inLanguage":"cs","potentialAction":[{"@type":"CommentAction","name":"Comment","target":["https:\/\/zenkaisen.fr\/paroles\/#respond"]}]},{"@type":"WebPage","@id":"https:\/\/zenkaisen.fr\/paroles\/","url":"https:\/\/zenkaisen.fr\/paroles\/","name":"Texty - Zen Kaisen","isPartOf":{"@id":"https:\/\/zenkaisen.fr\/ru\/#website"},"primaryImageOfPage":{"@id":"https:\/\/zenkaisen.fr\/paroles\/#primaryimage"},"image":{"@id":"https:\/\/zenkaisen.fr\/paroles\/#primaryimage"},"thumbnailUrl":"https:\/\/zenkaisen.fr\/wp-content\/uploads\/2025\/08\/oboz-zimowy-2015-natura-84-z-153.webp","datePublished":"2025-08-26T21:08:28+00:00","dateModified":"2025-08-26T21:43:38+00:00","breadcrumb":{"@id":"https:\/\/zenkaisen.fr\/paroles\/#breadcrumb"},"inLanguage":"cs","potentialAction":[{"@type":"ReadAction","target":["https:\/\/zenkaisen.fr\/paroles\/"]}]},{"@type":"ImageObject","inLanguage":"cs","@id":"https:\/\/zenkaisen.fr\/paroles\/#primaryimage","url":"https:\/\/zenkaisen.fr\/wp-content\/uploads\/2025\/08\/oboz-zimowy-2015-natura-84-z-153.webp","contentUrl":"https:\/\/zenkaisen.fr\/wp-content\/uploads\/2025\/08\/oboz-zimowy-2015-natura-84-z-153.webp","width":1600,"height":1067},{"@type":"BreadcrumbList","@id":"https:\/\/zenkaisen.fr\/paroles\/#breadcrumb","itemListElement":[{"@type":"ListItem","position":1,"name":"Strona g\u0142\u00f3wna","item":"https:\/\/zenkaisen.fr\/"},{"@type":"ListItem","position":2,"name":"Paroles"}]},{"@type":"WebSite","@id":"https:\/\/zenkaisen.fr\/ru\/#website","url":"https:\/\/zenkaisen.fr\/ru\/","name":"Zen Kaisen","description":"Zen","publisher":{"@id":"https:\/\/zenkaisen.fr\/ru\/#organization"},"potentialAction":[{"@type":"SearchAction","target":{"@type":"EntryPoint","urlTemplate":"https:\/\/zenkaisen.fr\/ru\/?s={search_term_string}"},"query-input":{"@type":"PropertyValueSpecification","valueRequired":true,"valueName":"search_term_string"}}],"inLanguage":"cs"},{"@type":"Organization","@id":"https:\/\/zenkaisen.fr\/ru\/#organization","name":"Zen Kaisen","url":"https:\/\/zenkaisen.fr\/ru\/","logo":{"@type":"ImageObject","inLanguage":"cs","@id":"https:\/\/zenkaisen.fr\/ru\/#\/schema\/logo\/image\/","url":"https:\/\/zenkaisen.fr\/wp-content\/uploads\/2025\/07\/logo.png","contentUrl":"https:\/\/zenkaisen.fr\/wp-content\/uploads\/2025\/07\/logo.png","width":300,"height":300,"caption":"Le Zen de Kaisen"},"image":{"@id":"https:\/\/zenkaisen.fr\/ru\/#\/schema\/logo\/image\/"}},{"@type":"Person","@id":"https:\/\/zenkaisen.fr\/ru\/#\/schema\/person\/73abb9f42b258573cc0c021695c279df","name":"admin","image":{"@type":"ImageObject","inLanguage":"cs","@id":"https:\/\/secure.gravatar.com\/avatar\/ac2d1bcfda9e2c460076f93eddb0acee4839effc36e7365975685de10b6f20fe?s=96&d=mm&r=g","url":"https:\/\/secure.gravatar.com\/avatar\/ac2d1bcfda9e2c460076f93eddb0acee4839effc36e7365975685de10b6f20fe?s=96&d=mm&r=g","contentUrl":"https:\/\/secure.gravatar.com\/avatar\/ac2d1bcfda9e2c460076f93eddb0acee4839effc36e7365975685de10b6f20fe?s=96&d=mm&r=g","caption":"admin"},"sameAs":["https:\/\/zenkaisen.fr"],"url":"https:\/\/zenkaisen.fr\/cs\/author\/admin\/"}]}},"_links":{"self":[{"href":"https:\/\/zenkaisen.fr\/cs\/wp-json\/wp\/v2\/posts\/242","targetHints":{"allow":["GET"]}}],"collection":[{"href":"https:\/\/zenkaisen.fr\/cs\/wp-json\/wp\/v2\/posts"}],"about":[{"href":"https:\/\/zenkaisen.fr\/cs\/wp-json\/wp\/v2\/types\/post"}],"author":[{"embeddable":true,"href":"https:\/\/zenkaisen.fr\/cs\/wp-json\/wp\/v2\/users\/1"}],"replies":[{"embeddable":true,"href":"https:\/\/zenkaisen.fr\/cs\/wp-json\/wp\/v2\/comments?post=242"}],"version-history":[{"count":1,"href":"https:\/\/zenkaisen.fr\/cs\/wp-json\/wp\/v2\/posts\/242\/revisions"}],"predecessor-version":[{"id":243,"href":"https:\/\/zenkaisen.fr\/cs\/wp-json\/wp\/v2\/posts\/242\/revisions\/243"}],"wp:featuredmedia":[{"embeddable":true,"href":"https:\/\/zenkaisen.fr\/cs\/wp-json\/wp\/v2\/media\/291"}],"wp:attachment":[{"href":"https:\/\/zenkaisen.fr\/cs\/wp-json\/wp\/v2\/media?parent=242"}],"wp:term":[{"taxonomy":"category","embeddable":true,"href":"https:\/\/zenkaisen.fr\/cs\/wp-json\/wp\/v2\/categories?post=242"},{"taxonomy":"post_tag","embeddable":true,"href":"https:\/\/zenkaisen.fr\/cs\/wp-json\/wp\/v2\/tags?post=242"}],"curies":[{"name":"wp","href":"https:\/\/api.w.org\/{rel}","templated":true}]}}