{"id":238,"date":"2025-08-26T21:06:13","date_gmt":"2025-08-26T21:06:13","guid":{"rendered":"https:\/\/zenkaisen.fr\/?p=238"},"modified":"2025-08-26T21:44:09","modified_gmt":"2025-08-26T21:44:09","slug":"przyjaciel","status":"publish","type":"post","link":"https:\/\/zenkaisen.fr\/pl\/przyjaciel\/","title":{"rendered":"L'Ami de Bien"},"content":{"rendered":"<p>Cierpimy.<br>Nie m\u00f3wi\u0119 tu o cierpieniu umys\u0142u spowodowanym przez m\u0119tne i z\u0142udne my\u015bli, ale o b\u00f3lu cia\u0142a.<br>B\u00f3l nie jest wrogiem, ale wydarzeniem, kt\u00f3re daje nam okazj\u0119, aby by\u0107 dla niego dobrym.<br>B\u00f3l nigdy nie jest przyjemny, ale mo\u017cemy sprawi\u0107, \u017ce b\u0119dzie jeszcze bardziej nieprzyjemny, walcz\u0105c z nim, narzekaj\u0105c na niego i znosz\u0105c go.<br>Wszystko, co nas spotyka, jest okazj\u0105 do obserwowania jego ducha, przejaw\u00f3w, tendencji, aby ostatecznie wznie\u015b\u0107 si\u0119 ponad to i stawi\u0107 temu czo\u0142a w taki spos\u00f3b, w jaki zajmowaliby\u015bmy si\u0119 Dobrym Przyjacielem.<br>Obserwuj\u0105c swoje \u017cycie, zauwa\u017cy\u0142em, \u017ce to w\u0142a\u015bnie moi \u00abnajgorsi wrogowie\u00bb popchn\u0119li mnie do dalszej podr\u00f3\u017cy \u015bcie\u017ck\u0105 O\u015bwieconych.<br>Czy zrobili to nie\u015bwiadomie? Niewa\u017cne, doskonale wype\u0142nili swoj\u0105 rol\u0119, kt\u00f3ra polega\u0142a na przedk\u0142adaniu innych nad siebie.<br>Do dzi\u015b pami\u0119tam naszego s\u0105siada, kt\u00f3ry ustawi\u0142 koparki i ci\u0119\u017car\u00f3wki tu\u017c przed klasztorem, dok\u0142adnie trzy metry od sali pisarskiej, kt\u00f3ra wcze\u015bniej by\u0142a dojo.<br>On, burmistrz, kt\u00f3ry nie wykonuje swojej pracy, nie\u015bwiadomi i ha\u0142a\u015bliwi s\u0105siedzi \u2013 wszyscy oni zmuszaj\u0105 nas do wyjazdu i zmiany \u017cycia.<br>Oczywi\u015bcie wi\u0105\u017ce si\u0119 to ze sprzeda\u017c\u0105, poszukiwaniem innego miejsca, kontaktowaniem si\u0119 z agencjami, planowaniem przeprowadzki i wszystkimi zwi\u0105zanymi z tym k\u0142opotami.<br>Ale nawet je\u015bli operacja jest bolesna, po niej czujemy si\u0119 lepiej, jakby\u015bmy odrodzili si\u0119 na nowo, jakby\u015bmy zerwali z nawykami, nawet je\u015bli s\u0105 one bardzo zen.<br>W ten spos\u00f3b mo\u017cemy zrozumie\u0107, \u017ce z\u0142o staje si\u0119 dobrem, a dobro mo\u017ce sta\u0107 si\u0119 z\u0142em.<\/p>\n\n\n\n<p>Zawsze mamy wyb\u00f3r, czy my\u015ble\u0107 w taki czy inny spos\u00f3b. Ten wyb\u00f3r nale\u017cy do nas. Nie jest to wyb\u00f3r s\u0105siada, burmistrza ani okoliczno\u015bci, jest to nasz wyb\u00f3r.<br>Chocia\u017c na pierwszy rzut oka wydaje si\u0119, \u017ce podlegamy prawom innych, w rzeczywisto\u015bci podlegamy w\u0142asnym sk\u0142onno\u015bciom i z\u0142ym nawykom my\u015blowym.<br>Dobrzy przyjaciele s\u0105 wsz\u0119dzie wok\u00f3\u0142 nas, a niezliczone Dharmy s\u0105 \u00abdobrymi przyjaci\u00f3\u0142mi\u00bb.<br>Najwi\u0119kszym Przyjacielem Dobra jest oczywi\u015bcie ten, kt\u00f3ry wskazuje absolutn\u0105 Drog\u0119, kt\u00f3ra uwalnia od cierpienia, ale wszystkie rzeczy istniej\u0105 po to, aby zrealizowa\u0107 to, co niepoj\u0119te, co wykracza poza nasze wyobra\u017cenia i pragnienia.<br>Zawsze mo\u017cemy walczy\u0107 z wydarzeniami, ale musimy pami\u0119ta\u0107, \u017ce nie zabierzemy ze sob\u0105 naszych d\u00f3br materialnych. Natomiast nasze wspomnienia, kt\u00f3re wype\u0142ni\u0142y\u015bmy walkami i nieszcz\u0119\u015bciami, b\u0119d\u0105 trwa\u0107 nawet po \u015bmierci. Pami\u0119\u0107 jest niezniszczalna.<br>Zanieczyszczone dharmy b\u0119d\u0105 nadal istnie\u0107 i pr\u0119dzej czy p\u00f3\u017aniej b\u0119d\u0105 musia\u0142y wykona\u0107 swoje zadanie transformacji.<br>Wszystko rodzi si\u0119 z zal\u0105\u017ck\u00f3w przesz\u0142o\u015bci. Jest to nieustanny cykl transmigracji.<br>Mo\u017cemy uciec od wielu rzeczy, ale nie od naszej pami\u0119ci.<br>Oto znaczenie buddyzmu.<br>Przez ca\u0142e \u017cycie musimy przekszta\u0142ca\u0107 nasze przeszkody, uwalniaj\u0105c je od cierpienia.<br>Musimy tu i teraz podnie\u015b\u0107 sztandar zwyci\u0119stwa, wznosz\u0105c si\u0119 ponad zmienno\u015b\u0107 losu, stoj\u0105c prosto i triumfuj\u0105c.<\/p>","protected":false},"excerpt":{"rendered":"<p>Nous souffrons.Je ne parle pas ici de la souffrance de l\u2019esprit provoqu\u00e9e par les pens\u00e9es confuses et illusoires, mais des douleurs du corps.La douleur n\u2019est pas une ennemie mais un [&hellip;]<\/p>\n","protected":false},"author":1,"featured_media":288,"comment_status":"open","ping_status":"open","sticky":false,"template":"","format":"standard","meta":{"_acf_changed":false,"footnotes":""},"categories":[9],"tags":[],"class_list":["post-238","post","type-post","status-publish","format-standard","has-post-thumbnail","hentry","category-enseignements"],"acf":[],"yoast_head":"<!-- This site is optimized with the Yoast SEO plugin v27.4 - https:\/\/yoast.com\/product\/yoast-seo-wordpress\/ -->\n<title>L\u2019Ami de Bien - Le Zen de Kaisen<\/title>\n<meta name=\"robots\" content=\"index, follow, max-snippet:-1, max-image-preview:large, max-video-preview:-1\" \/>\n<link rel=\"canonical\" href=\"https:\/\/zenkaisen.fr\/pl\/przyjaciel\/\" \/>\n<meta property=\"og:locale\" content=\"pl_PL\" \/>\n<meta property=\"og:type\" content=\"article\" \/>\n<meta property=\"og:title\" content=\"L\u2019Ami de Bien - Le Zen de Kaisen\" \/>\n<meta property=\"og:description\" content=\"Nous souffrons.Je ne parle pas ici de la souffrance de l\u2019esprit provoqu\u00e9e par les pens\u00e9es confuses et illusoires, mais des douleurs du corps.La douleur n\u2019est pas une ennemie mais un [&hellip;]\" \/>\n<meta property=\"og:url\" content=\"https:\/\/zenkaisen.fr\/pl\/przyjaciel\/\" \/>\n<meta property=\"og:site_name\" content=\"Le Zen de Kaisen\" \/>\n<meta property=\"article:published_time\" content=\"2025-08-26T21:06:13+00:00\" \/>\n<meta property=\"article:modified_time\" content=\"2025-08-26T21:44:09+00:00\" \/>\n<meta property=\"og:image\" content=\"https:\/\/zenkaisen.fr\/wp-content\/uploads\/2025\/08\/oboz-zimowy-2015-natura-18-z-153.webp\" \/>\n\t<meta property=\"og:image:width\" content=\"1600\" \/>\n\t<meta property=\"og:image:height\" content=\"1067\" \/>\n\t<meta property=\"og:image:type\" content=\"image\/webp\" \/>\n<meta name=\"author\" content=\"admin\" \/>\n<meta name=\"twitter:card\" content=\"summary_large_image\" \/>\n<meta name=\"twitter:label1\" content=\"Napisane przez\" \/>\n\t<meta name=\"twitter:data1\" content=\"admin\" \/>\n\t<meta name=\"twitter:label2\" content=\"Szacowany czas czytania\" \/>\n\t<meta name=\"twitter:data2\" content=\"3 minuty\" \/>\n<script type=\"application\/ld+json\" class=\"yoast-schema-graph\">{\"@context\":\"https:\\\/\\\/schema.org\",\"@graph\":[{\"@type\":\"Article\",\"@id\":\"https:\\\/\\\/zenkaisen.fr\\\/lami-de-bien\\\/#article\",\"isPartOf\":{\"@id\":\"https:\\\/\\\/zenkaisen.fr\\\/lami-de-bien\\\/\"},\"author\":{\"name\":\"admin\",\"@id\":\"https:\\\/\\\/zenkaisen.fr\\\/ru\\\/#\\\/schema\\\/person\\\/73abb9f42b258573cc0c021695c279df\"},\"headline\":\"L\u2019Ami de Bien\",\"datePublished\":\"2025-08-26T21:06:13+00:00\",\"dateModified\":\"2025-08-26T21:44:09+00:00\",\"mainEntityOfPage\":{\"@id\":\"https:\\\/\\\/zenkaisen.fr\\\/lami-de-bien\\\/\"},\"wordCount\":558,\"commentCount\":0,\"publisher\":{\"@id\":\"https:\\\/\\\/zenkaisen.fr\\\/ru\\\/#organization\"},\"image\":{\"@id\":\"https:\\\/\\\/zenkaisen.fr\\\/lami-de-bien\\\/#primaryimage\"},\"thumbnailUrl\":\"https:\\\/\\\/zenkaisen.fr\\\/wp-content\\\/uploads\\\/2025\\\/08\\\/oboz-zimowy-2015-natura-18-z-153.webp\",\"articleSection\":[\"Enseignements\"],\"inLanguage\":\"pl-PL\",\"potentialAction\":[{\"@type\":\"CommentAction\",\"name\":\"Comment\",\"target\":[\"https:\\\/\\\/zenkaisen.fr\\\/lami-de-bien\\\/#respond\"]}]},{\"@type\":\"WebPage\",\"@id\":\"https:\\\/\\\/zenkaisen.fr\\\/lami-de-bien\\\/\",\"url\":\"https:\\\/\\\/zenkaisen.fr\\\/lami-de-bien\\\/\",\"name\":\"L\u2019Ami de Bien - Le Zen de Kaisen\",\"isPartOf\":{\"@id\":\"https:\\\/\\\/zenkaisen.fr\\\/ru\\\/#website\"},\"primaryImageOfPage\":{\"@id\":\"https:\\\/\\\/zenkaisen.fr\\\/lami-de-bien\\\/#primaryimage\"},\"image\":{\"@id\":\"https:\\\/\\\/zenkaisen.fr\\\/lami-de-bien\\\/#primaryimage\"},\"thumbnailUrl\":\"https:\\\/\\\/zenkaisen.fr\\\/wp-content\\\/uploads\\\/2025\\\/08\\\/oboz-zimowy-2015-natura-18-z-153.webp\",\"datePublished\":\"2025-08-26T21:06:13+00:00\",\"dateModified\":\"2025-08-26T21:44:09+00:00\",\"breadcrumb\":{\"@id\":\"https:\\\/\\\/zenkaisen.fr\\\/lami-de-bien\\\/#breadcrumb\"},\"inLanguage\":\"pl-PL\",\"potentialAction\":[{\"@type\":\"ReadAction\",\"target\":[\"https:\\\/\\\/zenkaisen.fr\\\/lami-de-bien\\\/\"]}]},{\"@type\":\"ImageObject\",\"inLanguage\":\"pl-PL\",\"@id\":\"https:\\\/\\\/zenkaisen.fr\\\/lami-de-bien\\\/#primaryimage\",\"url\":\"https:\\\/\\\/zenkaisen.fr\\\/wp-content\\\/uploads\\\/2025\\\/08\\\/oboz-zimowy-2015-natura-18-z-153.webp\",\"contentUrl\":\"https:\\\/\\\/zenkaisen.fr\\\/wp-content\\\/uploads\\\/2025\\\/08\\\/oboz-zimowy-2015-natura-18-z-153.webp\",\"width\":1600,\"height\":1067},{\"@type\":\"BreadcrumbList\",\"@id\":\"https:\\\/\\\/zenkaisen.fr\\\/lami-de-bien\\\/#breadcrumb\",\"itemListElement\":[{\"@type\":\"ListItem\",\"position\":1,\"name\":\"Strona g\u0142\u00f3wna\",\"item\":\"https:\\\/\\\/zenkaisen.fr\\\/\"},{\"@type\":\"ListItem\",\"position\":2,\"name\":\"L\u2019Ami de Bien\"}]},{\"@type\":\"WebSite\",\"@id\":\"https:\\\/\\\/zenkaisen.fr\\\/ru\\\/#website\",\"url\":\"https:\\\/\\\/zenkaisen.fr\\\/ru\\\/\",\"name\":\"Le Zen de Kaisen\",\"description\":\"Zen\",\"publisher\":{\"@id\":\"https:\\\/\\\/zenkaisen.fr\\\/ru\\\/#organization\"},\"potentialAction\":[{\"@type\":\"SearchAction\",\"target\":{\"@type\":\"EntryPoint\",\"urlTemplate\":\"https:\\\/\\\/zenkaisen.fr\\\/ru\\\/?s={search_term_string}\"},\"query-input\":{\"@type\":\"PropertyValueSpecification\",\"valueRequired\":true,\"valueName\":\"search_term_string\"}}],\"inLanguage\":\"pl-PL\"},{\"@type\":\"Organization\",\"@id\":\"https:\\\/\\\/zenkaisen.fr\\\/ru\\\/#organization\",\"name\":\"Le Zen de Kaisen\",\"url\":\"https:\\\/\\\/zenkaisen.fr\\\/ru\\\/\",\"logo\":{\"@type\":\"ImageObject\",\"inLanguage\":\"pl-PL\",\"@id\":\"https:\\\/\\\/zenkaisen.fr\\\/ru\\\/#\\\/schema\\\/logo\\\/image\\\/\",\"url\":\"https:\\\/\\\/zenkaisen.fr\\\/wp-content\\\/uploads\\\/2025\\\/07\\\/logo.png\",\"contentUrl\":\"https:\\\/\\\/zenkaisen.fr\\\/wp-content\\\/uploads\\\/2025\\\/07\\\/logo.png\",\"width\":300,\"height\":300,\"caption\":\"Le Zen de Kaisen\"},\"image\":{\"@id\":\"https:\\\/\\\/zenkaisen.fr\\\/ru\\\/#\\\/schema\\\/logo\\\/image\\\/\"}},{\"@type\":\"Person\",\"@id\":\"https:\\\/\\\/zenkaisen.fr\\\/ru\\\/#\\\/schema\\\/person\\\/73abb9f42b258573cc0c021695c279df\",\"name\":\"admin\",\"image\":{\"@type\":\"ImageObject\",\"inLanguage\":\"pl-PL\",\"@id\":\"https:\\\/\\\/secure.gravatar.com\\\/avatar\\\/ac2d1bcfda9e2c460076f93eddb0acee4839effc36e7365975685de10b6f20fe?s=96&d=mm&r=g\",\"url\":\"https:\\\/\\\/secure.gravatar.com\\\/avatar\\\/ac2d1bcfda9e2c460076f93eddb0acee4839effc36e7365975685de10b6f20fe?s=96&d=mm&r=g\",\"contentUrl\":\"https:\\\/\\\/secure.gravatar.com\\\/avatar\\\/ac2d1bcfda9e2c460076f93eddb0acee4839effc36e7365975685de10b6f20fe?s=96&d=mm&r=g\",\"caption\":\"admin\"},\"sameAs\":[\"https:\\\/\\\/zenkaisen.fr\"],\"url\":\"https:\\\/\\\/zenkaisen.fr\\\/pl\\\/author\\\/admin\\\/\"}]}<\/script>\n<!-- \/ Yoast SEO plugin. -->","yoast_head_json":{"title":"Przyjaciel Dobra \u2013 Zen Kaisen","robots":{"index":"index","follow":"follow","max-snippet":"max-snippet:-1","max-image-preview":"max-image-preview:large","max-video-preview":"max-video-preview:-1"},"canonical":"https:\/\/zenkaisen.fr\/pl\/przyjaciel\/","og_locale":"pl_PL","og_type":"article","og_title":"L\u2019Ami de Bien - Le Zen de Kaisen","og_description":"Nous souffrons.Je ne parle pas ici de la souffrance de l\u2019esprit provoqu\u00e9e par les pens\u00e9es confuses et illusoires, mais des douleurs du corps.La douleur n\u2019est pas une ennemie mais un [&hellip;]","og_url":"https:\/\/zenkaisen.fr\/pl\/przyjaciel\/","og_site_name":"Le Zen de Kaisen","article_published_time":"2025-08-26T21:06:13+00:00","article_modified_time":"2025-08-26T21:44:09+00:00","og_image":[{"width":1600,"height":1067,"url":"https:\/\/zenkaisen.fr\/wp-content\/uploads\/2025\/08\/oboz-zimowy-2015-natura-18-z-153.webp","type":"image\/webp"}],"author":"admin","twitter_card":"summary_large_image","twitter_misc":{"Napisane przez":"admin","Szacowany czas czytania":"3 minuty"},"schema":{"@context":"https:\/\/schema.org","@graph":[{"@type":"Article","@id":"https:\/\/zenkaisen.fr\/lami-de-bien\/#article","isPartOf":{"@id":"https:\/\/zenkaisen.fr\/lami-de-bien\/"},"author":{"name":"admin","@id":"https:\/\/zenkaisen.fr\/ru\/#\/schema\/person\/73abb9f42b258573cc0c021695c279df"},"headline":"L\u2019Ami de Bien","datePublished":"2025-08-26T21:06:13+00:00","dateModified":"2025-08-26T21:44:09+00:00","mainEntityOfPage":{"@id":"https:\/\/zenkaisen.fr\/lami-de-bien\/"},"wordCount":558,"commentCount":0,"publisher":{"@id":"https:\/\/zenkaisen.fr\/ru\/#organization"},"image":{"@id":"https:\/\/zenkaisen.fr\/lami-de-bien\/#primaryimage"},"thumbnailUrl":"https:\/\/zenkaisen.fr\/wp-content\/uploads\/2025\/08\/oboz-zimowy-2015-natura-18-z-153.webp","articleSection":["Enseignements"],"inLanguage":"pl-PL","potentialAction":[{"@type":"CommentAction","name":"Comment","target":["https:\/\/zenkaisen.fr\/lami-de-bien\/#respond"]}]},{"@type":"WebPage","@id":"https:\/\/zenkaisen.fr\/lami-de-bien\/","url":"https:\/\/zenkaisen.fr\/lami-de-bien\/","name":"Przyjaciel Dobra \u2013 Zen Kaisen","isPartOf":{"@id":"https:\/\/zenkaisen.fr\/ru\/#website"},"primaryImageOfPage":{"@id":"https:\/\/zenkaisen.fr\/lami-de-bien\/#primaryimage"},"image":{"@id":"https:\/\/zenkaisen.fr\/lami-de-bien\/#primaryimage"},"thumbnailUrl":"https:\/\/zenkaisen.fr\/wp-content\/uploads\/2025\/08\/oboz-zimowy-2015-natura-18-z-153.webp","datePublished":"2025-08-26T21:06:13+00:00","dateModified":"2025-08-26T21:44:09+00:00","breadcrumb":{"@id":"https:\/\/zenkaisen.fr\/lami-de-bien\/#breadcrumb"},"inLanguage":"pl-PL","potentialAction":[{"@type":"ReadAction","target":["https:\/\/zenkaisen.fr\/lami-de-bien\/"]}]},{"@type":"ImageObject","inLanguage":"pl-PL","@id":"https:\/\/zenkaisen.fr\/lami-de-bien\/#primaryimage","url":"https:\/\/zenkaisen.fr\/wp-content\/uploads\/2025\/08\/oboz-zimowy-2015-natura-18-z-153.webp","contentUrl":"https:\/\/zenkaisen.fr\/wp-content\/uploads\/2025\/08\/oboz-zimowy-2015-natura-18-z-153.webp","width":1600,"height":1067},{"@type":"BreadcrumbList","@id":"https:\/\/zenkaisen.fr\/lami-de-bien\/#breadcrumb","itemListElement":[{"@type":"ListItem","position":1,"name":"Strona g\u0142\u00f3wna","item":"https:\/\/zenkaisen.fr\/"},{"@type":"ListItem","position":2,"name":"L\u2019Ami de Bien"}]},{"@type":"WebSite","@id":"https:\/\/zenkaisen.fr\/ru\/#website","url":"https:\/\/zenkaisen.fr\/ru\/","name":"Zen Kaisen","description":"Zen","publisher":{"@id":"https:\/\/zenkaisen.fr\/ru\/#organization"},"potentialAction":[{"@type":"SearchAction","target":{"@type":"EntryPoint","urlTemplate":"https:\/\/zenkaisen.fr\/ru\/?s={search_term_string}"},"query-input":{"@type":"PropertyValueSpecification","valueRequired":true,"valueName":"search_term_string"}}],"inLanguage":"pl-PL"},{"@type":"Organization","@id":"https:\/\/zenkaisen.fr\/ru\/#organization","name":"Zen Kaisen","url":"https:\/\/zenkaisen.fr\/ru\/","logo":{"@type":"ImageObject","inLanguage":"pl-PL","@id":"https:\/\/zenkaisen.fr\/ru\/#\/schema\/logo\/image\/","url":"https:\/\/zenkaisen.fr\/wp-content\/uploads\/2025\/07\/logo.png","contentUrl":"https:\/\/zenkaisen.fr\/wp-content\/uploads\/2025\/07\/logo.png","width":300,"height":300,"caption":"Le Zen de Kaisen"},"image":{"@id":"https:\/\/zenkaisen.fr\/ru\/#\/schema\/logo\/image\/"}},{"@type":"Person","@id":"https:\/\/zenkaisen.fr\/ru\/#\/schema\/person\/73abb9f42b258573cc0c021695c279df","name":"administrator","image":{"@type":"ImageObject","inLanguage":"pl-PL","@id":"https:\/\/secure.gravatar.com\/avatar\/ac2d1bcfda9e2c460076f93eddb0acee4839effc36e7365975685de10b6f20fe?s=96&d=mm&r=g","url":"https:\/\/secure.gravatar.com\/avatar\/ac2d1bcfda9e2c460076f93eddb0acee4839effc36e7365975685de10b6f20fe?s=96&d=mm&r=g","contentUrl":"https:\/\/secure.gravatar.com\/avatar\/ac2d1bcfda9e2c460076f93eddb0acee4839effc36e7365975685de10b6f20fe?s=96&d=mm&r=g","caption":"admin"},"sameAs":["https:\/\/zenkaisen.fr"],"url":"https:\/\/zenkaisen.fr\/pl\/author\/admin\/"}]}},"_links":{"self":[{"href":"https:\/\/zenkaisen.fr\/pl\/wp-json\/wp\/v2\/posts\/238","targetHints":{"allow":["GET"]}}],"collection":[{"href":"https:\/\/zenkaisen.fr\/pl\/wp-json\/wp\/v2\/posts"}],"about":[{"href":"https:\/\/zenkaisen.fr\/pl\/wp-json\/wp\/v2\/types\/post"}],"author":[{"embeddable":true,"href":"https:\/\/zenkaisen.fr\/pl\/wp-json\/wp\/v2\/users\/1"}],"replies":[{"embeddable":true,"href":"https:\/\/zenkaisen.fr\/pl\/wp-json\/wp\/v2\/comments?post=238"}],"version-history":[{"count":1,"href":"https:\/\/zenkaisen.fr\/pl\/wp-json\/wp\/v2\/posts\/238\/revisions"}],"predecessor-version":[{"id":239,"href":"https:\/\/zenkaisen.fr\/pl\/wp-json\/wp\/v2\/posts\/238\/revisions\/239"}],"wp:featuredmedia":[{"embeddable":true,"href":"https:\/\/zenkaisen.fr\/pl\/wp-json\/wp\/v2\/media\/288"}],"wp:attachment":[{"href":"https:\/\/zenkaisen.fr\/pl\/wp-json\/wp\/v2\/media?parent=238"}],"wp:term":[{"taxonomy":"category","embeddable":true,"href":"https:\/\/zenkaisen.fr\/pl\/wp-json\/wp\/v2\/categories?post=238"},{"taxonomy":"post_tag","embeddable":true,"href":"https:\/\/zenkaisen.fr\/pl\/wp-json\/wp\/v2\/tags?post=238"}],"curies":[{"name":"wp","href":"https:\/\/api.w.org\/{rel}","templated":true}]}}